{"id":1,"date":"2018-01-27T22:24:21","date_gmt":"2018-01-27T22:24:21","guid":{"rendered":"http:\/\/huch-frau-kuch.picturedata.net\/?p=1"},"modified":"2025-09-01T22:34:22","modified_gmt":"2025-09-01T22:34:22","slug":"featured-post-0","status":"publish","type":"post","link":"http:\/\/huch-frau-kuch.picturedata.net\/?p=1","title":{"rendered":"V I T A"},"content":{"rendered":"<h2><strong>Voil\u00e0 Violas Vita:<\/strong><\/h2>\n<p>Kurzvita als PdF zum Download: <a href=\"http:\/\/huch-frau-kuch.picturedata.net\/wp-content\/uploads\/2018\/01\/Kurzvita_ViolaKuch.pdf\" target=\"_blank\" rel=\"noopener noreferrer\">Kurzvita_ViolaKuch<\/a><\/p>\n<p><strong>Jahrgang:<\/strong> 1971<br \/><strong>Spielalter:<\/strong> 25 -50<br \/><strong>Gr\u00f6\u00dfe:<\/strong> 168 cm<br \/><strong>Haare:<\/strong> hell-grau-blond<br \/><strong>Augen:<\/strong> grau-gr\u00fcn<br \/><strong>Sprachen:<\/strong><br \/>Deutsch (Muttersprache), Englisch (2), Franz\u00f6sisch (3-)<br \/><strong>Dialekte:<\/strong><br \/>Berliner, S\u00e4chsisch, Ruhrpott, Hamburger,<br \/>Bayerisch, Wiener<br \/><strong>Sportarten:<\/strong><br \/>Schwimmen, Fahrrad fahren, Laufen, Tischtennis<br \/><strong>Gesang:<\/strong><br \/>Chanson, Musical, Pop (Stimmlage Mezzo-Sopran)<br \/>Gesangsp\u00e4dagogin f\u00fcr Musical (B.A.)<br \/><strong>Tanz:<\/strong><br \/>Ballett, Jazztanz, Steptanz, Gesellschaftst\u00e4nze<br \/>Choreographin\/ \u00dcbungsleiterin f\u00fcr Kindertanz<br \/><strong>F\u00fchrerschein:<\/strong> Klasse 3<\/p>\n<p><strong>Theater<br \/><\/strong>2025 tpw OS &#8211; Rosa B\u00fctt KO &#8211; FreiLAUFtheater OS &#8211; Eigenproduktionen &#8211; Gast im Ensemble &#8222;Movie and Motion&#8220; GT<strong><br \/><\/strong>2024 tpw OS + ROSA B\u00dcTT KO + FreiLAUFtheater OS + Ensemble BOUQUET OS<br \/>2023 tpw OS + &#8222;Rosa B\u00fctt&#8220; (KO) + Schauspielerin auf der &#8222;Mein Schiff 3&#8220;\u00a0 (TUI Cruises)<strong><br \/><\/strong>2022 tpw OS + &#8222;Rosa B\u00fctt&#8220; (KO) + FreiLAUFtheater OS + Ensemble BOUQUET OS<strong><br \/><\/strong>2021 tpw OS + Ensemble BOUQUET OS<strong><br \/><\/strong>2020 &#8222;Rosa B\u00fctt&#8220; (KO) + Ensemble BOUQUET OS<br \/>2019\/20 Schauspielerin auf der &#8222;Mein Schiff 2&#8220; (TUI Cruises)<strong><br \/><\/strong>2019 &#8222;Rosa B\u00fctt&#8220; (KO) + Premiere Soloprogramm &#8222;AUS DEM KOFFER&#8220;<br \/>2018 &#8222;Rosa B\u00fctt&#8220; (KO) + FreiLAUFtheater OS + Kleine Kom\u00f6die CB<br \/>2017 &#8222;Rosa B\u00fctt&#8220; (KO) + FreiLAUFtheater OS + Ensemble BOUQUET OS<br \/>2016 &#8222;Rosa B\u00fctt&#8220; (KO) + Theaterschiff Bremen<br \/>2015 &#8222;Rosa B\u00fctt&#8220; (KO) + FreiLAUFtheater OS + Ensemble BOUQUET OS<br \/>2014 &#8222;Rosa B\u00fctt&#8220; (KO) + FreiLAUFtheater OS<br \/>2013 &#8222;Rosa B\u00fctt&#8220; (KO) + Schauspielerin auf AIDAsol + Ensemble BOUQUET OS<br \/>2007-2012 FreiLAUFtheater Piesberger Gesellschaftshaus Osnabr\u00fcck sowie diverse Soloprogramme (&#8222;Am Ende einer Auszeit&#8220;, &#8222;Pickel am Po&#8220;, Kreislerabend &#8222;Kreuzwortr\u00e4tsel&#8220;)<br \/>2009\/10 St\u00e4dtische B\u00fchne Lahnstein (Burgspiele Lahneck)<br \/>2008\/2009 Theater Wechselbad Dresden<br \/>2006\/2007 Witzigmann-Roncalli Bajazzo FF\/M.<br \/>2004\/05\/06 Theater Brandenburg<br \/>2002-2003 Compagnie de Com\u00e9die (B\u00fchne 602, Rostock)<br \/>2001-2002 TheaterNative C (Cottbus)<br \/>2000 Fr\u00e4nkisches Theater Schlo\u00df Ma\u00dfbach<br \/>1999 Vorpommersche Landesb\u00fchne Anklam<br \/>1998\/1999 W\u00fcrttembergische Landesb\u00fchne Esslingen<br \/>1998 Clingenburg Festspiele (Klingenberg am Main)<br \/>1997\/1998 Stadttheater Ingolstadt<br \/>1996 -1997 Stadttheater Pforzheim<br \/>1995\/1996 Badische Landesb\u00fchne Bruchsal<br \/>1995 St\u00e4dtebundtheater Hof<br \/>1994\/1995 Badische Landesb\u00fchne Bruchsal<\/p>\n<p><strong>Rollen, eine Auswahl<\/strong><\/p>\n<p>* &#8222;Chantal&#8220; (Zwei wie Bonnie und Clyde)<br \/>* &#8222;Dolly Meyer&#8220; (Hallo Dolly)<br \/>* &#8222;Sally Bowles&#8220;\/ &#8222;KitKatGirl&#8220; (Cabaret)<br \/>* &#8222;Kitty&#8220; (UA Greif dem Leben in die Tasche)<br \/>* &#8222;Lola Blau&#8220; (Heute Abend: Lola Blau)<br \/>* &#8222;Ottilie&#8220;\/ &#8222;Kl\u00e4rchen&#8220;\/ &#8222;Wirtin&#8220; (Im wei\u00dfen R\u00f6ssl)<br \/>* &#8222;Chava&#8220; (Anatevka)<br \/>* &#8222;Grusche&#8220; (Der Kaukasische Kreidekreis)<br \/>* &#8222;Bianca&#8220; (Kiss me Kate)<br \/>* &#8222;Karoline&#8220; (Der Ritter Kamenbert)<br \/>* &#8222;Crissy&#8220; (Hair)<br \/>* &#8222;Peter Pan&#8220; (Peter Pan)<br \/>* &#8222;Sr. Robert Anne&#8220; (Non(n)sense)<br \/>* &#8222;Hero\/Holzapfel\/Don John&#8220; (Viel L\u00e4rm um nichts)<br \/>* &#8222;Die Da!&#8220; (Die Da!)<br \/>* &#8222;Aurora&#8220; (Aurora, \u00fcbernehmen Sie)<br \/>* &#8222;Calamity Jane&#8220; (Tresentalk mit einer Wild West Legende)<br \/>* &#8222;Karin Schmidt&#8220; (Taxi Taxi)<\/p>\n<p><strong>Film \/ Fernsehen&#8230;<\/strong><\/p>\n<p>2011 Interview &amp; Showauftritt mit &#8222;Lizzy Mel\u00f3n und Die Damenkapelle&#8220; bei &#8222;Citybeat&#8220; (Shanghai, SMG)<br \/>2007 Fernsehauftritt mit &#8222;Lizzy Mel\u00f3n und Die Damenkapelle&#8220; (HR3)<br \/>2005 Dreh f\u00fcr BusinessTV (Kundin f\u00fcr Servicebericht &#8222;Blitzeinschl\u00e4ge&#8220;)<br \/>2004\/2005 Fernsehauftritte mit &#8222;Lizzy Mel\u00f3n und Die Damenkapelle&#8220;<br \/>(u.a. Sylvesterstadl, ZDF Sonntagskonzert, ZDF Fernsehgarten)<br \/>2000 Kurzfilm &#8222;Krass drauf&#8220; (Regie: Arno Drechsel, Rolle: Rotschopf)<br \/>1994 &#8222;Quivive Familie&#8220; (Regie: Ursula Bub, Rolle: Sybille, SFB)<\/p>\n<p><strong>Ausbildung<\/strong><\/p>\n<p>2013-2014 Studium Vokalp\u00e4dagogik Musical am IfM der HS Osnabr\u00fcck (Abschlu\u00df: Bachelor of Arts)<br \/>2000 Schauspiellehrgang am isFF Berlin<br \/>(Dozenten: Elke Petri, An Boekman, Bernd Kunstmann, Christian Ebert)<br \/>1995 Finalistin beim BUNDESWETTBEWERB Gesang (Musical-Chanson-Song)<br \/>1994 Abschlu\u00df mit B\u00fchnenreifepr\u00fcfung<br \/>1991-1994 Musicalausbildung am Ballett-Centrum im Ku\u00b4damm Karree Berlin (Schauspiel bei Valentin Platareanu \/ Gesang bei Vivien Lee\/ Tanz u.a. bei Klaus Kretschmar, Manuel Mandon, Tom Fletcher\/ Sprecherziehung bei Ilse Holtmann, Hildegard Walter )<\/p>\n\n\n<p><\/p>\n","protected":false},"excerpt":{"rendered":"<p>Voil\u00e0 Violas Vita: Kurzvita als PdF zum Download: Kurzvita_ViolaKuch Jahrgang: 1971Spielalter: 25 -50Gr\u00f6\u00dfe: 168 cmHaare: hell-grau-blondAugen: grau-gr\u00fcnSprachen:Deutsch (Muttersprache), Englisch (2), Franz\u00f6sisch (3-)Dialekte:Berliner, S\u00e4chsisch, Ruhrpott, Hamburger,Bayerisch, WienerSportarten:Schwimmen, Fahrrad fahren, Laufen, TischtennisGesang:Chanson, Musical, Pop (Stimmlage Mezzo-Sopran)Gesangsp\u00e4dagogin f\u00fcr Musical (B.A.)Tanz:Ballett, Jazztanz, Steptanz, Gesellschaftst\u00e4nzeChoreographin\/ \u00dcbungsleiterin f\u00fcr KindertanzF\u00fchrerschein: Klasse 3 Theater2025 tpw OS &#8211; Rosa B\u00fctt KO &#8211; FreiLAUFtheater OS [&hellip;]<\/p>\n","protected":false},"author":1,"featured_media":113,"comment_status":"open","ping_status":"open","sticky":false,"template":"","format":"standard","meta":{"jetpack_post_was_ever_published":false,"_jetpack_newsletter_access":"","_jetpack_dont_email_post_to_subs":false,"_jetpack_newsletter_tier_id":0,"_jetpack_memberships_contains_paywalled_content":false,"_jetpack_memberships_contains_paid_content":false,"footnotes":""},"categories":[1],"tags":[5],"class_list":["post-1","post","type-post","status-publish","format-standard","has-post-thumbnail","hentry","category-uncategorized","tag-mops"],"jetpack_sharing_enabled":false,"jetpack_featured_media_url":"http:\/\/huch-frau-kuch.picturedata.net\/wp-content\/uploads\/2018\/01\/Homepage5_2200.jpg","jetpack_shortlink":"https:\/\/wp.me\/p9tBtD-1","_links":{"self":[{"href":"http:\/\/huch-frau-kuch.picturedata.net\/index.php?rest_route=\/wp\/v2\/posts\/1"}],"collection":[{"href":"http:\/\/huch-frau-kuch.picturedata.net\/index.php?rest_route=\/wp\/v2\/posts"}],"about":[{"href":"http:\/\/huch-frau-kuch.picturedata.net\/index.php?rest_route=\/wp\/v2\/types\/post"}],"author":[{"embeddable":true,"href":"http:\/\/huch-frau-kuch.picturedata.net\/index.php?rest_route=\/wp\/v2\/users\/1"}],"replies":[{"embeddable":true,"href":"http:\/\/huch-frau-kuch.picturedata.net\/index.php?rest_route=%2Fwp%2Fv2%2Fcomments&post=1"}],"version-history":[{"count":31,"href":"http:\/\/huch-frau-kuch.picturedata.net\/index.php?rest_route=\/wp\/v2\/posts\/1\/revisions"}],"predecessor-version":[{"id":1347,"href":"http:\/\/huch-frau-kuch.picturedata.net\/index.php?rest_route=\/wp\/v2\/posts\/1\/revisions\/1347"}],"wp:featuredmedia":[{"embeddable":true,"href":"http:\/\/huch-frau-kuch.picturedata.net\/index.php?rest_route=\/wp\/v2\/media\/113"}],"wp:attachment":[{"href":"http:\/\/huch-frau-kuch.picturedata.net\/index.php?rest_route=%2Fwp%2Fv2%2Fmedia&parent=1"}],"wp:term":[{"taxonomy":"category","embeddable":true,"href":"http:\/\/huch-frau-kuch.picturedata.net\/index.php?rest_route=%2Fwp%2Fv2%2Fcategories&post=1"},{"taxonomy":"post_tag","embeddable":true,"href":"http:\/\/huch-frau-kuch.picturedata.net\/index.php?rest_route=%2Fwp%2Fv2%2Ftags&post=1"}],"curies":[{"name":"wp","href":"https:\/\/api.w.org\/{rel}","templated":true}]}}