{"id":123,"date":"2018-01-27T21:09:29","date_gmt":"2018-01-27T21:09:29","guid":{"rendered":"http:\/\/huch-frau-kuch.picturedata.net\/?p=123"},"modified":"2026-03-30T23:17:03","modified_gmt":"2026-03-30T23:17:03","slug":"featured-post-3","status":"publish","type":"post","link":"http:\/\/huch-frau-kuch.picturedata.net\/?p=123","title":{"rendered":"T E R M I N E:"},"content":{"rendered":"\n<p class=\"has-text-align-center has-vivid-red-color has-text-color has-link-color has-medium-font-size wp-elements-433871beca6267c4fdc65e8ba30d994f\"><strong>&#8222;7 Leben w\u00fcnsch ich mir &#8211; <br>(k)ein Wunschkonzert&#8220;<\/strong><\/p>\n\n\n\n<p class=\"has-text-align-center\">von und mit Viola Kuch und Michael Pro<br>Am Klavier: Florian Albers<br>Am Akkordeon: Mechthild K\u00f6nig<\/p>\n\n\n\n<p>Wer w\u00fcnscht es sich nicht so dann und wann in einer schwachen Stunde? Das man mehr Zeit zur Verf\u00fcgung h\u00e4tte im Leben, vielleicht sogar mehr Leben, eben sieben?! Warum sieben?<\/p>\n\n\n\n<p>Das Programm von Viola Kuch und Michael Pro f\u00e4chert f\u00fcr einen Abendklang einen Lebensbogen auf. Darin beleuchten sie in Text und Musik, unterst\u00fctzt durch Klavier und Akkordeon, Fragen nach Sinn und Unsinn des Lebens sowie die menschlichen Sehns\u00fcchte und Abgr\u00fcnde. Muss man \u00fcber sieben Br\u00fccken gehen? Muss man suchen hinter den sieben Bergen bei den sieben Zwergen? Steht man nicht manchmal da wie Pik Sieben vor den sieben Weltwundern? Und helfen uns wirklich die ber\u00fchmten Siebenmeilenstiefel beim besseren Vorankommen im Leben?<\/p>\n\n\n\n<p>Unser Programm ist \u2013 wie das Leben &#8211; (k)ein Wunschkonzert und doch haben unsere G\u00e4ste zumindest einen Wunsch frei.<\/p>\n\n\n\n<p><em>Entstanden mit freundlicher Unterst\u00fctzung der Stadt Osnabr\u00fcck, des Landschaftsverbandes Osnab\u00fccker Land e.V., des Landes Niedersachsen und in Kooperation mit der W\u00fcsteninitiative e.V.<\/em><\/p>\n\n\n\n<p>Nach den erfolgreichen Auff\u00fchrungen dieses Programm im letzten Jahr soll es nicht in der Versenkung verschwinden. Haben Sie oder hast Du einen tollen Auff\u00fchrungsort? Dann gerne anfragen, wir freuen uns \u00fcber Buchungen, gerne auch sieben auf einen Streich:-))<\/p>\n\n\n<div class=\"wp-block-image\">\n<figure class=\"aligncenter size-large is-resized\"><img loading=\"lazy\" decoding=\"async\" width=\"1024\" height=\"691\" src=\"http:\/\/huch-frau-kuch.picturedata.net\/wp-content\/uploads\/2025\/09\/7-Leben-wuensch-ich-mir_kein-Wunschkonzert_Pressebild1_von-Helmuth-Kohn-Kopie-1024x691.jpg\" alt=\"Foto von Helmuth Kohn\" class=\"wp-image-1336\" style=\"width:479px;height:auto\" srcset=\"http:\/\/huch-frau-kuch.picturedata.net\/wp-content\/uploads\/2025\/09\/7-Leben-wuensch-ich-mir_kein-Wunschkonzert_Pressebild1_von-Helmuth-Kohn-Kopie-1024x691.jpg 1024w, http:\/\/huch-frau-kuch.picturedata.net\/wp-content\/uploads\/2025\/09\/7-Leben-wuensch-ich-mir_kein-Wunschkonzert_Pressebild1_von-Helmuth-Kohn-Kopie-300x202.jpg 300w, http:\/\/huch-frau-kuch.picturedata.net\/wp-content\/uploads\/2025\/09\/7-Leben-wuensch-ich-mir_kein-Wunschkonzert_Pressebild1_von-Helmuth-Kohn-Kopie-768x518.jpg 768w, http:\/\/huch-frau-kuch.picturedata.net\/wp-content\/uploads\/2025\/09\/7-Leben-wuensch-ich-mir_kein-Wunschkonzert_Pressebild1_von-Helmuth-Kohn-Kopie-1536x1037.jpg 1536w, http:\/\/huch-frau-kuch.picturedata.net\/wp-content\/uploads\/2025\/09\/7-Leben-wuensch-ich-mir_kein-Wunschkonzert_Pressebild1_von-Helmuth-Kohn-Kopie-2048x1382.jpg 2048w, http:\/\/huch-frau-kuch.picturedata.net\/wp-content\/uploads\/2025\/09\/7-Leben-wuensch-ich-mir_kein-Wunschkonzert_Pressebild1_von-Helmuth-Kohn-Kopie-640x432.jpg 640w, http:\/\/huch-frau-kuch.picturedata.net\/wp-content\/uploads\/2025\/09\/7-Leben-wuensch-ich-mir_kein-Wunschkonzert_Pressebild1_von-Helmuth-Kohn-Kopie-1010x682.jpg 1010w\" sizes=\"(max-width: 1024px) 100vw, 1024px\" \/><\/figure><\/div>\n\n\n<p>********************************************************************************<\/p>\n\n\n\n<p>Ich bin weiter aktiv im <a href=\"http:\/\/www.tanzforum-hager.de\" target=\"_blank\" rel=\"noreferrer noopener\">Tanzforum Philip Hager<\/a> in der Heinrichstr., trainiere dort auch selbst und vertrete ab und an verschiedene Klassen, schaut doch gerne mal vorbei:-))<\/p>\n\n\n<div class=\"wp-block-image\">\n<figure class=\"aligncenter size-full is-resized\"><img loading=\"lazy\" decoding=\"async\" width=\"474\" height=\"205\" src=\"http:\/\/huch-frau-kuch.picturedata.net\/wp-content\/uploads\/2022\/05\/tanzforum_logo.jpg\" alt=\"\" class=\"wp-image-1139\" style=\"width:271px;height:auto\" srcset=\"http:\/\/huch-frau-kuch.picturedata.net\/wp-content\/uploads\/2022\/05\/tanzforum_logo.jpg 474w, http:\/\/huch-frau-kuch.picturedata.net\/wp-content\/uploads\/2022\/05\/tanzforum_logo-300x130.jpg 300w\" sizes=\"(max-width: 474px) 100vw, 474px\" \/><\/figure><\/div>\n\n\n<p class=\"has-white-color has-text-color has-link-color wp-elements-c645e628e62f8fbab9d9726851472d16\"><\/p>\n\n\n\n<p>***************************************************************************************************<\/p>\n\n\n\n<p class=\"has-vivid-green-cyan-color has-text-color\">Ausserdem bin ich als Spielerin von &#8222;Mein K\u00f6rper geh\u00f6rt mir&#8220; tatig:-)))<br><a href=\"http:\/\/www.tpwerkstatt.de\" target=\"_blank\" rel=\"noreferrer noopener\">www.tpwerkstatt.de<\/a><br><a href=\"http:\/\/www.meinkoerpergehoertmir.de\" target=\"_blank\" rel=\"noreferrer noopener\">www.meinkoerpergehoertmir.de<\/a><\/p>\n\n\n\n<figure class=\"wp-block-image size-full is-resized\"><img loading=\"lazy\" decoding=\"async\" width=\"640\" height=\"160\" src=\"http:\/\/huch-frau-kuch.picturedata.net\/wp-content\/uploads\/2024\/06\/tpw-logo-www_blue-1.png\" alt=\"\" class=\"wp-image-1295\" style=\"width:524px;height:131px\" srcset=\"http:\/\/huch-frau-kuch.picturedata.net\/wp-content\/uploads\/2024\/06\/tpw-logo-www_blue-1.png 640w, http:\/\/huch-frau-kuch.picturedata.net\/wp-content\/uploads\/2024\/06\/tpw-logo-www_blue-1-300x75.png 300w\" sizes=\"(max-width: 640px) 100vw, 640px\" \/><\/figure>\n\n\n\n<p class=\"has-vivid-green-cyan-color has-text-color\"><br>*****************************************************************************************<\/p>\n\n\n\n<p class=\"has-text-align-center has-text-color\" style=\"color:#d63030\"><\/p>\n\n\n\n<h1 class=\"wp-block-heading has-vivid-red-color has-text-color has-link-color wp-elements-cfac2b95a63bc0d5c5c9b031d370bbaf\"><\/h1>\n","protected":false},"excerpt":{"rendered":"<p>&#8222;7 Leben w\u00fcnsch ich mir &#8211; (k)ein Wunschkonzert&#8220; von und mit Viola Kuch und Michael ProAm Klavier: Florian AlbersAm Akkordeon: Mechthild K\u00f6nig Wer w\u00fcnscht es sich nicht so dann und wann in einer schwachen Stunde? Das man mehr Zeit zur Verf\u00fcgung h\u00e4tte im Leben, vielleicht sogar mehr Leben, eben sieben?! Warum sieben? Das Programm von [&hellip;]<\/p>\n","protected":false},"author":1,"featured_media":252,"comment_status":"open","ping_status":"open","sticky":false,"template":"","format":"standard","meta":{"jetpack_post_was_ever_published":false,"_jetpack_newsletter_access":"","_jetpack_dont_email_post_to_subs":false,"_jetpack_newsletter_tier_id":0,"_jetpack_memberships_contains_paywalled_content":false,"_jetpack_memberships_contains_paid_content":false,"footnotes":""},"categories":[1],"tags":[5],"class_list":["post-123","post","type-post","status-publish","format-standard","has-post-thumbnail","hentry","category-uncategorized","tag-mops"],"jetpack_sharing_enabled":true,"jetpack_featured_media_url":"http:\/\/huch-frau-kuch.picturedata.net\/wp-content\/uploads\/2018\/02\/Homepage_Termine-3.jpg","jetpack_shortlink":"https:\/\/wp.me\/p9tBtD-1Z","_links":{"self":[{"href":"http:\/\/huch-frau-kuch.picturedata.net\/index.php?rest_route=\/wp\/v2\/posts\/123"}],"collection":[{"href":"http:\/\/huch-frau-kuch.picturedata.net\/index.php?rest_route=\/wp\/v2\/posts"}],"about":[{"href":"http:\/\/huch-frau-kuch.picturedata.net\/index.php?rest_route=\/wp\/v2\/types\/post"}],"author":[{"embeddable":true,"href":"http:\/\/huch-frau-kuch.picturedata.net\/index.php?rest_route=\/wp\/v2\/users\/1"}],"replies":[{"embeddable":true,"href":"http:\/\/huch-frau-kuch.picturedata.net\/index.php?rest_route=%2Fwp%2Fv2%2Fcomments&post=123"}],"version-history":[{"count":361,"href":"http:\/\/huch-frau-kuch.picturedata.net\/index.php?rest_route=\/wp\/v2\/posts\/123\/revisions"}],"predecessor-version":[{"id":1362,"href":"http:\/\/huch-frau-kuch.picturedata.net\/index.php?rest_route=\/wp\/v2\/posts\/123\/revisions\/1362"}],"wp:featuredmedia":[{"embeddable":true,"href":"http:\/\/huch-frau-kuch.picturedata.net\/index.php?rest_route=\/wp\/v2\/media\/252"}],"wp:attachment":[{"href":"http:\/\/huch-frau-kuch.picturedata.net\/index.php?rest_route=%2Fwp%2Fv2%2Fmedia&parent=123"}],"wp:term":[{"taxonomy":"category","embeddable":true,"href":"http:\/\/huch-frau-kuch.picturedata.net\/index.php?rest_route=%2Fwp%2Fv2%2Fcategories&post=123"},{"taxonomy":"post_tag","embeddable":true,"href":"http:\/\/huch-frau-kuch.picturedata.net\/index.php?rest_route=%2Fwp%2Fv2%2Ftags&post=123"}],"curies":[{"name":"wp","href":"https:\/\/api.w.org\/{rel}","templated":true}]}}