{"id":184,"date":"2018-02-11T01:02:28","date_gmt":"2018-02-11T01:02:28","guid":{"rendered":"http:\/\/huch-frau-kuch.picturedata.net\/?p=184"},"modified":"2024-09-17T18:32:21","modified_gmt":"2024-09-17T18:32:21","slug":"i-m-p-r-e-s-s-u-m","status":"publish","type":"post","link":"http:\/\/huch-frau-kuch.picturedata.net\/?p=184","title":{"rendered":"I M P R E S S U M"},"content":{"rendered":"<p><img loading=\"lazy\" decoding=\"async\" class=\" wp-image-205\" src=\"http:\/\/huch-frau-kuch.picturedata.net\/wp-content\/uploads\/2018\/02\/Homepage_Impressum2_2200-199x300.jpg\" alt=\"\" width=\"313\" height=\"472\" srcset=\"http:\/\/huch-frau-kuch.picturedata.net\/wp-content\/uploads\/2018\/02\/Homepage_Impressum2_2200-199x300.jpg 199w, http:\/\/huch-frau-kuch.picturedata.net\/wp-content\/uploads\/2018\/02\/Homepage_Impressum2_2200-768x1160.jpg 768w, http:\/\/huch-frau-kuch.picturedata.net\/wp-content\/uploads\/2018\/02\/Homepage_Impressum2_2200-678x1024.jpg 678w, http:\/\/huch-frau-kuch.picturedata.net\/wp-content\/uploads\/2018\/02\/Homepage_Impressum2_2200-640x966.jpg 640w, http:\/\/huch-frau-kuch.picturedata.net\/wp-content\/uploads\/2018\/02\/Homepage_Impressum2_2200-1010x1525.jpg 1010w, http:\/\/huch-frau-kuch.picturedata.net\/wp-content\/uploads\/2018\/02\/Homepage_Impressum2_2200.jpg 1457w\" sizes=\"(max-width: 313px) 100vw, 313px\" \/><\/p>\n<h3>\u00a9 2005 &#8211; 2024 Webdesign &amp; Programmierung:<\/h3>\n<p><a href=\"http:\/\/www.bedodesign.de\" target=\"_blank\" rel=\"noopener noreferrer\">BEDO DESIGN &#8211; Communication &amp; Media<\/a><br \/>\nIm Unterdorf 15<br \/>\nD-54 636 Ingendorf<\/p>\n<p>Tel. +49 (0) 6568 9699843<br \/>\nFax +49 (0) 6568 932169<br \/>\nMobil +49 (0) 152 04 353 450<\/p>\n<p>Mail team@bedodesign.de<br \/>\nWeb www.bedodesign.de<\/p>\n<h2>Vielen Dank an alle Mitwirkenden dieser Seite:<\/h2>\n<p><a href=\"https:\/\/pixabay.com\/\" target=\"_blank\" rel=\"noopener noreferrer\"><strong>Pixabay Bildmaterial<\/strong><\/a> wurde zur Hintergrundgestaltung dankbar eingesetzt.<\/p>\n<p>Die Fotos auf den Hauptseiten und in der Slideshow HUCH und MEDIEN sowie das Stuhlfoto im IMPRESSUM entstanden vor dem <strong>&#8222;<a href=\"http:\/\/www.walpurgis-verlag.de\/wordpress\/\" target=\"_blank\" rel=\"noopener noreferrer\">Musikexpress<\/a>&#8222;<\/strong> in Osnabr\u00fcck, einem Gem\u00e4lde in einer Bahnunterf\u00fchrung, gestaltet von <strong><a href=\"http:\/\/www.angelika-walter.de\" target=\"_blank\" rel=\"noopener noreferrer\">Angelika Walter<\/a><\/strong>. Die Fotografin hei\u00dft <strong><a href=\"https:\/\/bbk-osnabrueck.de\/hanna-von-behr\/\" target=\"_blank\" rel=\"noopener noreferrer\">Hanna von Behr<\/a>.<\/strong><\/p>\n<p>Das Foto der Slideshow bei TERMINE ist vom <a href=\"http:\/\/www.fotosche.de\" target=\"_blank\" rel=\"noopener noreferrer\"><strong>Fotosche<\/strong><\/a>. Und das Bild bei der GALERIE stammt vom Fotostudio <strong><a href=\"https:\/\/www.beautyshots.berlin\/\" target=\"_blank\" rel=\"noopener noreferrer\">Beautyshots<\/a><\/strong> Berlin.<\/p>\n<p>Die Fotografen der Galerie-Fotos sind jeweils als Bildunterschrift dankbar erw\u00e4hnt.<\/p>\n<p>Sollte irgend jemand nicht erw\u00e4hnt worden sein, bitte ich um einen Hinweis per Kontakt-Mail.<\/p>\n<h2>Inhaberin der Domain www.huch-frau-kuch.de:<\/h2>\n<p>Viola Kuch<br \/>\nKiwittstr.62<br \/>\n49080 Osnabr\u00fcck<br \/>\nSteuernr: <span style=\"font-family: 'Times New Roman', serif;\"><span style=\"font-size: small;\">66\/ 131\/ 14172 <\/span><\/span>(Finanzamt Osnabr\u00fcck-Stadt)<\/p>\n<p>*Special thanx to Markus Kamp and Gunda Herke (Git.)<\/p>\n<p>Trotz sorgf\u00e4ltiger \u00dcberpr\u00fcfung wird keinerlei Haftung f\u00fcr die Inhalte externer Links \u00fcbernommen. F\u00fcr den Inhalt verlinkter Seiten sind ausschlie\u00dflich deren Betreiber selbst verantwortlich.<\/p>\n<h2>Im Weiteren gilt folgendes:<\/h2>\n<div>Viola Kuch | Schauspielerin (www.huch-frau-kuch.de)<\/div>\n<div>Verantwortlich i.S.d.P.<\/div>\n<div><\/div>\n<div><strong>Wichtig<\/strong> \u2013 Ich m\u00f6chte Sie besonders in Bezug auf die Anforderungen der DSGVO (Datenschutz-Grundverordnung der EU), die ab dem 25. Mai 2018 vollumf\u00e4nglich in Kraft getreten ist, dar\u00fcber informieren, dass ich im Rahmen dieses Internetauftritts keine Cookies und auch keine sonstigen Methoden zur Identifizierung, zum Erkennen des Surf-\/Navigationsverhaltens oder sonstige Verhaltensdaten pers\u00f6nlicher oder allgemeiner Art aufzeichne oder speichere. Bei weiteren Fragen oder Anregungen melden Sie sich gerne unter der E-Mail-Adresse <a href=\"mailto:vioku@gmx.de\">vioku@gmx.de<\/a>.<\/div>\n<h2>Haftungsausschluss<\/h2>\n<h3>1. Inhalt des Onlineangebotes<\/h3>\n<div>Viola Kuch \u00fcbernimmt keinerlei Gew\u00e4hr f\u00fcr die Aktualit\u00e4t, Korrektheit,<\/div>\n<div>Vollst\u00e4ndigkeit oder Qualit\u00e4t der bereitgestellten Informationen.<\/div>\n<div>Haftungsanspr\u00fcche gegen Viola Kuch, welche sich auf Sch\u00e4den materieller<\/div>\n<div>oder ideeller Art beziehen, die durch die Nutzung oder Nichtnutzung der<\/div>\n<div>dargebotenen Informationen bzw. durch die Nutzung fehlerhafter und<\/div>\n<div>unvollst\u00e4ndiger Informationen verursacht wurden sind grunds\u00e4tzlich<\/div>\n<div>ausgeschlossen, sofern seitens Viola Kuch kein nachweislich vors\u00e4tzliches<\/div>\n<div>oder grob fahrl\u00e4ssiges Verschulden vorliegt. Alle Angebote sind freibleibend und<\/div>\n<div>unverbindlich. Viola Kuch beh\u00e4lt es sich ausdr\u00fccklich vor, Teile der Seiten<\/div>\n<div>oder das gesamte Angebot ohne gesonderte Ank\u00fcndigung zu ver\u00e4ndern, zu<\/div>\n<div>erg\u00e4nzen, zu l\u00f6schen oder die Ver\u00f6ffentlichung zeitweise oder endg\u00fcltig<\/div>\n<div>einzustellen. Sofern innerhalb des Internetangebotes die M\u00f6glichkeit zur Eingabe<\/div>\n<div>pers\u00f6nlicher Daten (E-Mailadressen, Namen, Anschriften) besteht, so erfolgt die<\/div>\n<div>Preisgabe dieser Daten seitens des Nutzers auf ausdr\u00fccklich freiwilliger Basis.<\/div>\n<div><\/div>\n<h3>2. Verweise und Links<\/h3>\n<div>Mit dem Urteil vom 12. Mai 1998 hat das Landgericht Hamburg entschieden, dass<\/div>\n<div>man durch die Ausbringung eines Links die Inhalte der gelinkten Seite ggf. mit zu<\/div>\n<div>verantworten hat. Dies kann \u2013 so das Landgericht \u2013 nur dadurch verhindert<\/div>\n<div class=\"page\" data-page-number=\"1\" data-loaded=\"true\">\n<div class=\"annotationLayer\"><\/div>\n<\/div>\n<div class=\"page\" data-page-number=\"2\" data-loaded=\"true\">\n<div class=\"canvasWrapper\"><\/div>\n<\/div>\n<div>werden, dass man sich ausdr\u00fccklich von diesen Inhalten distanziert.<\/div>\n<div>Wir haben auf unseren Seiten Links zu anderen Internetseiten gelegt. F\u00fcr all<\/div>\n<div>diese Links gilt: Wir m\u00f6chten ausdr\u00fccklich betonen, dass wir keinerlei Einfluss<\/div>\n<div>auf die Gestaltung und die Inhalte der gelinkten Seiten und G\u00e4steb\u00fccher haben.<\/div>\n<div>Deshalb distanzieren wir uns hiermit ausdr\u00fccklich von allen Inhalten aller<\/div>\n<div>gelinkten Seiten und G\u00e4steb\u00fccher auf unseren Internetseiten. Diese Erkl\u00e4rung<\/div>\n<div>gilt f\u00fcr alle auf unseren Internetseiten angebrachten Links und f\u00fcr alle Inhalte<\/div>\n<div>der G\u00e4steb\u00fccher und Seiten, zu denen die Links f\u00fchren.<\/div>\n<h3><\/h3>\n<h3>3. Urheber- und Kennzeichenrecht<\/h3>\n<div>Viola Kuch ist bestrebt, in allen Publikationen die Urheberrechte der<\/div>\n<div>verwendeten Grafiken, Tondokumente, Videosequenzen und Texte zu beachten,<\/div>\n<div>von ihm selbst erstellte Grafiken, Tondokumente, Videosequenzen und Texte zu<\/div>\n<div>nutzen oder auf lizenzfreie Grafiken, Tondokumente, Videosequenzen und Texte<\/div>\n<div>zur\u00fcckzugreifen.<\/div>\n<div>Alle innerhalb des Internetangebotes genannten und ggf. durch Dritte<\/div>\n<div>gesch\u00fctzten Marken- und Warenzeichen unterliegen uneingeschr\u00e4nkt den<\/div>\n<div>Bestimmungen des jeweils g\u00fcltigen Kennzeichenrechts und den Besitzrechten der<\/div>\n<div>jeweiligen eingetragenen Eigent\u00fcmer. Allein aufgrund der blo\u00dfen Nennung ist<\/div>\n<div>nicht der Schluss zu ziehen, dass Markenzeichen nicht durch Rechte Dritter<\/div>\n<div>gesch\u00fctzt sind!<\/div>\n<div>Das Copyright f\u00fcr ver\u00f6ffentlichte, von Viola Kuch selbst erstellte Objekte<\/div>\n<div>bleibt allein bei Viola Kuch.<\/div>\n<h3><\/h3>\n<h3>4. Rechtswirksamkeit dieses Haftungsausschlusses<\/h3>\n<div>Dieser Haftungsausschluss ist als Teil des Internetangebotes zu betrachten, von<\/div>\n<div>dem aus auf diese Seite verwiesen wurde. Sofern Teile oder einzelne<\/div>\n<div>Formulierungen dieses Textes der geltenden Rechtslage nicht, nicht mehr oder<\/div>\n<div>nicht vollst\u00e4ndig entsprechen sollten, bleiben die \u00fcbrigen Teile des Dokumentes<\/div>\n<div>in ihrem Inhalt und ihrer G\u00fcltigkeit davon unber\u00fchrt.<\/div>\n<div><\/div>\n","protected":false},"excerpt":{"rendered":"<p>\u00a9 2005 &#8211; 2024 Webdesign &amp; Programmierung: BEDO DESIGN &#8211; Communication &amp; Media Im Unterdorf 15 D-54 636 Ingendorf Tel. +49 (0) 6568 9699843 Fax +49 (0) 6568 932169 Mobil +49 (0) 152 04 353 450 Mail team@bedodesign.de Web www.bedodesign.de Vielen Dank an alle Mitwirkenden dieser Seite: Pixabay Bildmaterial wurde zur Hintergrundgestaltung dankbar eingesetzt. Die [&hellip;]<\/p>\n","protected":false},"author":2,"featured_media":0,"comment_status":"open","ping_status":"open","sticky":false,"template":"","format":"standard","meta":{"jetpack_post_was_ever_published":false,"_jetpack_newsletter_access":"","_jetpack_dont_email_post_to_subs":false,"_jetpack_newsletter_tier_id":0,"_jetpack_memberships_contains_paywalled_content":false,"_jetpack_memberships_contains_paid_content":false,"footnotes":""},"categories":[1],"tags":[],"class_list":["post-184","post","type-post","status-publish","format-standard","hentry","category-uncategorized"],"jetpack_sharing_enabled":false,"jetpack_featured_media_url":"","jetpack_shortlink":"https:\/\/wp.me\/p9tBtD-2Y","_links":{"self":[{"href":"http:\/\/huch-frau-kuch.picturedata.net\/index.php?rest_route=\/wp\/v2\/posts\/184"}],"collection":[{"href":"http:\/\/huch-frau-kuch.picturedata.net\/index.php?rest_route=\/wp\/v2\/posts"}],"about":[{"href":"http:\/\/huch-frau-kuch.picturedata.net\/index.php?rest_route=\/wp\/v2\/types\/post"}],"author":[{"embeddable":true,"href":"http:\/\/huch-frau-kuch.picturedata.net\/index.php?rest_route=\/wp\/v2\/users\/2"}],"replies":[{"embeddable":true,"href":"http:\/\/huch-frau-kuch.picturedata.net\/index.php?rest_route=%2Fwp%2Fv2%2Fcomments&post=184"}],"version-history":[{"count":29,"href":"http:\/\/huch-frau-kuch.picturedata.net\/index.php?rest_route=\/wp\/v2\/posts\/184\/revisions"}],"predecessor-version":[{"id":1313,"href":"http:\/\/huch-frau-kuch.picturedata.net\/index.php?rest_route=\/wp\/v2\/posts\/184\/revisions\/1313"}],"wp:attachment":[{"href":"http:\/\/huch-frau-kuch.picturedata.net\/index.php?rest_route=%2Fwp%2Fv2%2Fmedia&parent=184"}],"wp:term":[{"taxonomy":"category","embeddable":true,"href":"http:\/\/huch-frau-kuch.picturedata.net\/index.php?rest_route=%2Fwp%2Fv2%2Fcategories&post=184"},{"taxonomy":"post_tag","embeddable":true,"href":"http:\/\/huch-frau-kuch.picturedata.net\/index.php?rest_route=%2Fwp%2Fv2%2Ftags&post=184"}],"curies":[{"name":"wp","href":"https:\/\/api.w.org\/{rel}","templated":true}]}}